{"id":5716,"date":"2022-05-02T16:20:08","date_gmt":"2022-05-02T14:20:08","guid":{"rendered":"https:\/\/www.taxitam.it\/?p=5716"},"modified":"2022-05-02T16:20:08","modified_gmt":"2022-05-02T14:20:08","slug":"primo-maggio-atm-assente","status":"publish","type":"post","link":"https:\/\/www.taxitam.it\/index.php\/2022\/05\/02\/primo-maggio-atm-assente\/","title":{"rendered":"Primo Maggio: ATM assente"},"content":{"rendered":"<p>Primo Maggio: ATM assente!<\/p>\n<p>Il Primo Maggio \u00e8 una data indelebile per il diritto al lavoro, rispettoso delle esigenze dell\u2019individuo e imprescindibile per il bene comune.<\/p>\n<p>Proprio perch\u00e9 crediamo in questi valori, ovvero il bene dell\u2019individuo e della comunit\u00e0 che lo circonda, riteniamo che il giorno di \u201cfesta\u201d non si possa coniugare con l\u2019astensione totale del servizio pubblico di trasporti, perch\u00e9 anche il diritto alla mobilit\u00e0 \u00e8 un diritto imprescindibile dell\u2019individuo.<\/p>\n<p>&nbsp;<\/p>\n<p>Anche quest\u2019anno i cittadini milanesi dopo le ore 19.30 sono stati lasciati letteralmente a piedi dal servizio di trasporto di linea per la completa assenza di bus, tram e metropolitane.<\/p>\n<p>\u201cIl Servizio Taxi ancora una volta \u00e8 stato l\u2019unico servizio pubblico attivo per portare a casa i cittadini nella serata del primo maggio, come gi\u00e0 successo negli anni scorsi.<\/p>\n<p>\u00c8 quanto dichiarato da Claudio Severgnini, Presidente di TAM (Tassisti Artigiani Milanesi).<\/p>\n<p>&nbsp;<\/p>\n<p>&#8220;Ieri sera in Stazione Centrale, all\u2019Aeroporto di Linate, in Piazza Duomo e in altri punti nevralgici della citt\u00e0 molti milanesi non sapevano come tornare a casa.\u201d I cittadini hanno ringraziato gli autisti delle auto bianche per l\u2019aiuto concreto dato alla citt\u00e0 anche in questa occasione; purtroppo molti di loro hanno dovuto attendere oltre misura per usufruire del servizio, perch\u00e9 \u00e8 logico che la capienza di trasporto di un\u2019auto non pu\u00f2 sopperire alla mancanza delle metropolitane.<\/p>\n<p>&nbsp;<\/p>\n<p>Speriamo che dal prossimo anno il primo maggio possa essere una festa non solo per ATM, ma un giorno festivo per tutti senza disagi.<\/p>\n<p>&nbsp;<\/p>\n<p>Milano, 2 maggio 2022<\/p>\n","protected":false},"excerpt":{"rendered":"<p>Primo Maggio: ATM assente! Il Primo Maggio \u00e8 una data indelebile per il diritto al lavoro, rispettoso delle esigenze dell\u2019individuo e imprescindibile per il bene comune. Proprio perch\u00e9 crediamo in questi valori, ovvero il bene dell\u2019individuo e della comunit\u00e0 che lo circonda, riteniamo che il giorno di \u201cfesta\u201d non si possa coniugare con l\u2019astensione totale [&hellip;]<\/p>\n","protected":false},"author":2,"featured_media":3870,"comment_status":"closed","ping_status":"closed","sticky":false,"template":"","format":"standard","meta":{"_monsterinsights_skip_tracking":false,"_monsterinsights_sitenote_active":false,"_monsterinsights_sitenote_note":"","_monsterinsights_sitenote_category":0,"ngg_post_thumbnail":0},"categories":[218],"tags":[],"_links":{"self":[{"href":"https:\/\/www.taxitam.it\/index.php\/wp-json\/wp\/v2\/posts\/5716"}],"collection":[{"href":"https:\/\/www.taxitam.it\/index.php\/wp-json\/wp\/v2\/posts"}],"about":[{"href":"https:\/\/www.taxitam.it\/index.php\/wp-json\/wp\/v2\/types\/post"}],"author":[{"embeddable":true,"href":"https:\/\/www.taxitam.it\/index.php\/wp-json\/wp\/v2\/users\/2"}],"replies":[{"embeddable":true,"href":"https:\/\/www.taxitam.it\/index.php\/wp-json\/wp\/v2\/comments?post=5716"}],"version-history":[{"count":1,"href":"https:\/\/www.taxitam.it\/index.php\/wp-json\/wp\/v2\/posts\/5716\/revisions"}],"predecessor-version":[{"id":5717,"href":"https:\/\/www.taxitam.it\/index.php\/wp-json\/wp\/v2\/posts\/5716\/revisions\/5717"}],"wp:featuredmedia":[{"embeddable":true,"href":"https:\/\/www.taxitam.it\/index.php\/wp-json\/wp\/v2\/media\/3870"}],"wp:attachment":[{"href":"https:\/\/www.taxitam.it\/index.php\/wp-json\/wp\/v2\/media?parent=5716"}],"wp:term":[{"taxonomy":"category","embeddable":true,"href":"https:\/\/www.taxitam.it\/index.php\/wp-json\/wp\/v2\/categories?post=5716"},{"taxonomy":"post_tag","embeddable":true,"href":"https:\/\/www.taxitam.it\/index.php\/wp-json\/wp\/v2\/tags?post=5716"}],"curies":[{"name":"wp","href":"https:\/\/api.w.org\/{rel}","templated":true}]}}