{"id":5555,"date":"2020-03-18T16:55:35","date_gmt":"2020-03-18T15:55:35","guid":{"rendered":"https:\/\/www.taxitam.it\/?p=5555"},"modified":"2020-03-19T14:10:10","modified_gmt":"2020-03-19T13:10:10","slug":"decreto-salva-italia","status":"publish","type":"post","link":"https:\/\/www.taxitam.it\/index.php\/2020\/03\/18\/decreto-salva-italia\/","title":{"rendered":"Decreto &#8220;Cura Italia&#8221;"},"content":{"rendered":"<p style=\"text-align: justify;\">La scorsa notte \u00e8 stato pubblicato in Gazzetta Ufficiale il decreto \u201cCura Italia\u201d.<\/p>\n<p style=\"text-align: justify;\">Qui di seguito gli articoli che riteniamo possano interessare i ns. associati.<\/p>\n<p style=\"text-align: justify;\">Vi precisiamo che siamo in attesa di chiarimenti e modalit\u00e0 operative da parte degli Enti su chi e con quali modalit\u00e0 potr\u00e0 aderire a tali misure.<\/p>\n<p style=\"text-align: justify;\">Non siamo pertanto in grado PER ORA di dare risposte immediate e personali sulle modalit\u00e0 di richiesta indennit\u00e0 o altro.<\/p>\n<p style=\"text-align: justify;\"><strong><u>Decreto n.\u00b0 18 \u201cCURA ITALIA\u201d \u2013 G.U. del 17\/03\/2020<\/u><\/strong><u><\/u><\/p>\n<p style=\"text-align: justify;\"><strong>Art. 28 (Indennit\u00e0 lavoratori autonomi iscritti alle Gestioni speciali dell\u2019Ago)<\/strong><\/p>\n<p style=\"text-align: justify;\">Ai lavoratori autonomi iscritti alle gestioni speciali dell\u2019Ago\u00a0<strong>(artigiani, commercianti)<\/strong>, non titolari di pensione e non iscritti ad altre forme previdenziali obbligatorie, ad esclusione della Gestione separata\u00a0<strong>\u00e8 riconosciuta un\u2019indennit\u00e0 per il mese di marzo pari a 600 euro<\/strong>.<\/p>\n<p style=\"text-align: justify;\"><strong><u>NB:\u00a0domanda da presentare all\u2019INPS: non sono note al momento le modalit\u00e0 operative n\u00e8 della domanda n\u00e8 di come verr\u00e0 erogata l\u2019indennit\u00e0.<\/u><\/strong><\/p>\n<p style=\"text-align: justify;\"><strong><u>Chi non fosse gi\u00e0 in possesso del pin dell\u2019INPS, \u00e8 consigliabile che cominci a richiederlo.<\/u><\/strong><\/p>\n<h4 style=\"text-align: justify;\">art.56 \u2013 Misure di sostegno finanziario alle micro, piccole e medie imprese colpite dall\u2019epidemia di COVID-19<\/h4>\n<p style=\"text-align: justify;\"><strong>Sospensione di rate di finanziamento e canoni di leasing con scadenza anteriore al 30\/09\/2020, il pagamento delle rate sospese ripartir\u00e0 dal 30\/09\/2020 con un nuovo piano di pagamenti a copertura delle quote sospese.<\/strong><\/p>\n<p style=\"text-align: justify;\"><strong>La richiesta va presentata direttamente alla banca od all\u2019intermediario finanziario che ha concesso il finanziamento.<\/strong><\/p>\n<p style=\"text-align: justify;\">Le Imprese possono avvalersi dietro comunicazione \u2013 in relazione alle esposizioni debitorie nei confronti di banche, di intermediari finanziari:<\/p>\n<p style=\"text-align: justify;\">a) per le\u00a0<strong>aperture di credito a revoca\u00a0<\/strong>e per i prestiti accordati a fronte di anticipi su crediti esistenti alla data del 29 febbraio 2020 o, se superiori, a quella di pubblicazione del presente decreto, gli importi accordati, sia per la parte utilizzata sia per quella non ancora utilizzata,\u00a0<strong>non possono essere revocati in tutto o in parte fino al 30 settembre 2020<\/strong>;<\/p>\n<p style=\"text-align: justify;\">b)\u00a0<strong>per i prestiti non rateali con scadenza contrattuale prima del 30 settembre 2020 i contratti sono prorogati<\/strong>, unitamente ai rispettivi elementi accessori e senza alcuna formalit\u00e0, fino al 30 settembre 2020 alle medesime condizioni;<\/p>\n<p style=\"text-align: justify;\">c)\u00a0<strong>per i mutui e gli altri finanziamenti a rimborso rateale<\/strong>, anche perfezionati tramite il rilascio di cambiali agrarie,\u00a0<strong>il pagamento delle rate o dei canoni di leasing in scadenza prima del 30 settembre 2020 \u00e8 sospeso sino al 30 settembre 2020<\/strong>\u00a0e il piano di rimborso delle rate o dei canoni oggetto di sospensione \u00e8 dilazionato, unitamente agli elementi accessori e senza alcuna formalit\u00e0, secondo modalit\u00e0 che assicurino l\u2019assenza di nuovi o maggiori oneri per\u00a0entrambe le parti; \u00e8 facolt\u00e0 delle imprese richiedere di sospendere soltanto i rimborsi in conto capitale.<\/p>\n<p style=\"text-align: justify;\">La pratica deve essere munita di una\u00a0dichiarazione con la quale l\u2019Impresa autocertifica ai sensi dell\u2019art. 47 DPR 445\/2000 di aver subito in via temporanea carenze di liquidit\u00e0 quale conseguenza diretta della diffusione dell\u2019epidemia da COVID-19.<\/p>\n<p style=\"text-align: justify;\">I soggetti beneficiari di questa misura non devono avere debiti deteriorati.<\/p>\n<h4 style=\"text-align: justify;\">Art. 62 \u2013 Sospensione dei termini degli adempimenti e dei versamenti fiscali e contributivi<\/h4>\n<p style=\"text-align: justify;\"><strong>ADEMPIMENTI TRIBUTARI SOSPESI<\/strong><\/p>\n<p style=\"text-align: justify;\">Sono sospesi gli adempimenti tributari diversi dai versamenti e diversi dall\u2019effettuazione delle ritenute alla fonte e delle trattenute relative all\u2019addizionale regionale e comunale, che scadono nel periodo compreso tra l\u20198 marzo 2020 e il 31 maggio 2020. Saranno da effettuarsi entro il 30 giugno 2020 senza applicazione di sanzioni.<\/p>\n<p style=\"text-align: justify;\"><strong>VERSAMENTI SOSPESI (FATTURATI O COMPENSI NON SUPERIORI A 2 MILIONI AL 31\/12\/19):<\/strong><\/p>\n<p style=\"text-align: justify;\">Per i soggetti esercenti attivit\u00e0 d\u2019impresa, arte o professione che hanno il domicilio fiscale, la sede legale o la sede operativa nel territorio dello Stato\u00a0<strong>con ricavi o compensi non superiori a 2 milioni di euro nel periodo di imposta precedente a<\/strong>\u00a0quello in corso alla data di entrata in vigore del presente decreto-legge, sono sospesi i versamenti da autoliquidazione che scadono nel periodo compreso tra l\u20198 marzo 2020 e il 31 marzo 2020:<\/p>\n<p style=\"text-align: justify;\">a) relativi alle ritenute alla fonte di cui agli articoli 23 e 24 del decreto del Presidente della Repubblica 29 settembre 1973, n. 600, e alle trattenute relative all\u2019addizionale regionale e comunale, che i predetti soggetti operano in qualit\u00e0 di sostituti d\u2019imposta;<\/p>\n<p style=\"text-align: justify;\">b) relativi all\u2019imposta sul valore aggiunto;<\/p>\n<p style=\"text-align: justify;\">c) relativi ai contributi previdenziali e assistenziali, e ai premi per l\u2019assicurazione obbligatoria.<\/p>\n<p style=\"text-align: justify;\">I versamenti sospesi sono effettuati, senza applicazione di sanzioni ed interessi, in un\u2019unica soluzione entro il 31 maggio 2020 o mediante rateizzazione fino a un massimo di 5 rate mensili di pari importo a decorrere dal mese di maggio 2020. Non si fa luogo al rimborso di quanto gi\u00e0 versato.<\/p>\n<p style=\"text-align: justify;\"><strong>VERSAMENTI SOSPESI\u00a0PER CLIENTI CON SEDE LEGALE O OPERATIVA NELLA PROVINCIA DI BERGAMO, CREMONA, LODI E PIACENZA.<\/strong><\/p>\n<p style=\"text-align: justify;\">La sospensione dei versamenti dell\u2019<strong>IVA<\/strong>, si applica, a prescindere dal volume dei ricavi o compensi percepiti, ai soggetti esercenti attivit\u00e0 d\u2019impresa, arte o\u00a0professione che hanno il domicilio fiscale, la sede legale o la sede operativa nelle Province di Bergamo, Cremona, Lodi e Piacenza.<strong>\u00a0<\/strong><\/p>\n<p style=\"text-align: justify;\"><strong>Art. 67\/A \u2013 Sospensione dei termini relativi all\u2019attivit\u00e0 degli uffici degli enti impositori<\/strong><\/p>\n<p style=\"text-align: justify;\"><strong>Sono sospesi dall\u20198 marzo al 31 maggio 2020\u00a0i termini relativi alle\u00a0attivit\u00e0 di liquidazione, di controllo, di accertamento, di riscossione e di contenzioso,\u00a0da parte degli uffici degli enti impositori.<\/strong><\/p>\n<p style=\"text-align: justify;\">Sono, altres\u00ec, sospesi, dall\u20198 marzo al 31 maggio 2020, i termini per fornire risposta alle istanze di interpello, ivi comprese quelle da rendere a seguito della presentazione della documentazione integrativa.<\/p>\n<p style=\"text-align: justify;\"><strong>art. 68 \u2013 Sospensione dei termini di versamento dei carichi affidati all\u2019agente della riscossione<\/strong><\/p>\n<p style=\"text-align: justify;\">Sono sospesi i termini dei versamenti, scadenti nel periodo dall\u20198 marzo al 31 maggio 2020, derivanti da:<\/p>\n<p style=\"text-align: justify;\">-cartelle di pagamento emesse dagli agenti della riscossione<\/p>\n<p style=\"text-align: justify;\">-avvisi di accertamento esecutivi emessi dall\u2019Agenzia delle Entrate<\/p>\n<p style=\"text-align: justify;\">\u2013 ingiunzioni di cui al R.D. 14 aprile 1910, n. 639, emesse dagli enti territoriali;<\/p>\n<p style=\"text-align: justify;\">I versamenti oggetto di sospensione devono essere effettuati in unica soluzione entro il 30 giugno 2020. Non si procede al rimborso di quanto gi\u00e0 versato.<\/p>\n<p style=\"text-align: justify;\">Sar\u00e0 ns. cura aggiornarVi appena possibile come sempre.<\/p>\n","protected":false},"excerpt":{"rendered":"<p>La scorsa notte \u00e8 stato pubblicato in Gazzetta Ufficiale il decreto \u201cCura Italia\u201d. Qui di seguito gli articoli che riteniamo possano interessare i ns. associati. Vi precisiamo che siamo in attesa di chiarimenti e modalit\u00e0 operative da parte degli Enti su chi e con quali modalit\u00e0 potr\u00e0 aderire a tali misure. Non siamo pertanto in [&hellip;]<\/p>\n","protected":false},"author":2,"featured_media":3870,"comment_status":"closed","ping_status":"closed","sticky":false,"template":"","format":"standard","meta":{"_monsterinsights_skip_tracking":false,"_monsterinsights_sitenote_active":false,"_monsterinsights_sitenote_note":"","_monsterinsights_sitenote_category":0,"ngg_post_thumbnail":0},"categories":[217],"tags":[],"_links":{"self":[{"href":"https:\/\/www.taxitam.it\/index.php\/wp-json\/wp\/v2\/posts\/5555"}],"collection":[{"href":"https:\/\/www.taxitam.it\/index.php\/wp-json\/wp\/v2\/posts"}],"about":[{"href":"https:\/\/www.taxitam.it\/index.php\/wp-json\/wp\/v2\/types\/post"}],"author":[{"embeddable":true,"href":"https:\/\/www.taxitam.it\/index.php\/wp-json\/wp\/v2\/users\/2"}],"replies":[{"embeddable":true,"href":"https:\/\/www.taxitam.it\/index.php\/wp-json\/wp\/v2\/comments?post=5555"}],"version-history":[{"count":3,"href":"https:\/\/www.taxitam.it\/index.php\/wp-json\/wp\/v2\/posts\/5555\/revisions"}],"predecessor-version":[{"id":5559,"href":"https:\/\/www.taxitam.it\/index.php\/wp-json\/wp\/v2\/posts\/5555\/revisions\/5559"}],"wp:featuredmedia":[{"embeddable":true,"href":"https:\/\/www.taxitam.it\/index.php\/wp-json\/wp\/v2\/media\/3870"}],"wp:attachment":[{"href":"https:\/\/www.taxitam.it\/index.php\/wp-json\/wp\/v2\/media?parent=5555"}],"wp:term":[{"taxonomy":"category","embeddable":true,"href":"https:\/\/www.taxitam.it\/index.php\/wp-json\/wp\/v2\/categories?post=5555"},{"taxonomy":"post_tag","embeddable":true,"href":"https:\/\/www.taxitam.it\/index.php\/wp-json\/wp\/v2\/tags?post=5555"}],"curies":[{"name":"wp","href":"https:\/\/api.w.org\/{rel}","templated":true}]}}