{"id":5478,"date":"2019-12-11T11:48:15","date_gmt":"2019-12-11T10:48:15","guid":{"rendered":"https:\/\/www.taxitam.it\/?p=5478"},"modified":"2019-12-11T11:48:15","modified_gmt":"2019-12-11T10:48:15","slug":"dichiarazione-imu-2018","status":"publish","type":"post","link":"https:\/\/www.taxitam.it\/index.php\/2019\/12\/11\/dichiarazione-imu-2018\/","title":{"rendered":"Dichiarazione IMU 2018"},"content":{"rendered":"<p style=\"text-align: justify;\">La presente per comunicare ai ns. associati gestiti contabilmente che, con il decreto Crescita (D.L. n. 34\/2019), la dichiarazione Imu viene posticipata dal 30\/06 al 31\/12 e deve essere presentata nell\u2019anno successivo a quello in cui si sono verificati i fatti\u00a0che incidono sul pagamento o sul diritto ad utilizzare determinate agevolazioni.<\/p>\n<p style=\"text-align: justify;\">A essere tenuti alla dichiarazione sono gli stessi soggetti obbligati al pagamento dell\u2019imposta.<\/p>\n<p style=\"text-align: justify;\"><strong><u>Non c\u2019\u00e8 obbligo di dichiarazione in caso di acquisto, o vendita o eredit\u00e0 del fabbricato perch\u00e9 si tratta di tutte informazioni disponibili per il Comune in quanto presenti nei registri pubblici.<\/u><\/strong><\/p>\n<p style=\"text-align: justify;\"><strong><u>La comunicazione al Comune \u00e8 invece obbligatoria quando si tratta di situazioni che non risultano da atti pubblici<\/u><\/strong>.<\/p>\n<p style=\"text-align: justify;\">In dettaglio la dichiarazione \u00e8 obbligatoria nei seguenti casi:<\/p>\n<p style=\"text-align: justify;\">riconoscimento dell\u2019immobile come di interesse storico o artistico;<\/p>\n<p style=\"text-align: justify;\">immobili dichiarati inagibili e di fatto inutilizzati;<\/p>\n<p style=\"text-align: justify;\">coniugi proprietari di due immobili nello stesso Comune per la casa scelta come abitazione principale;<\/p>\n<p style=\"text-align: justify;\">assegnazione provvisoria di case in cooperativa;<\/p>\n<p style=\"text-align: justify;\">immobili di propriet\u00e0 di appartenenti alle Forze armate;<\/p>\n<p style=\"text-align: justify;\">terreni agricoli divenuti area edificabile se non posseduti da coltivatori o imprenditori del settore;<\/p>\n<p style=\"text-align: justify;\">area divenuta edificabile a seguito della demolizione del fabbricato;<\/p>\n<p style=\"text-align: justify;\">immobili non produttivi di reddito in quanto utilizzati dalle imprese commerciali e immobili strumentali utilizzati da professionisti e lavoratori autonomi;<\/p>\n<p style=\"text-align: justify;\">fabbricati classificabili nella categoria catastale D sprovvisti di rendita, interamente posseduti da imprese e distintamente contabilizzati;<\/p>\n<p style=\"text-align: justify;\">immobili per cui si \u00e8 verificato l\u2019acquisto o la cessazione di un diritto reale per effetto di legge (es. usufrutto legale dei genitori);<\/p>\n<p style=\"text-align: justify;\">immobili posseduti, a titolo di propriet\u00e0 odi altro diritto reale di godimento, da persone giuridiche, interessate da fusione, incorporazione o scissione;<\/p>\n<p style=\"text-align: justify;\">casa assegnata dal giudice a seguito di separazione o divorzio che si trova in un Comune diverso da quello nel quale \u00e8 stato celebrato il matrimonio o diverso da quello di nascita;<\/p>\n<p style=\"text-align: justify;\">concessione di un immobile con un contratto di leasing.<\/p>\n<p style=\"text-align: justify;\">Inoltre, la presentazione della dichiarazione Imu vale anche ai fini della TASI.<\/p>\n<p style=\"text-align: justify;\"><strong><u>SOLO nel caso in cui pensiate ci siano i presupposti per la presentazione della suddetta dichiarazione IMU, Vi consigliamo di contattare con urgenza il Comune di competenza (scadenza 31\/12\/2019).<\/u><\/strong><\/p>\n<p style=\"text-align: justify;\"><strong><u>SOLO nel caso in cui vogliate avvalerVi dei ns. servizi per la compilazione della suddetta dichiarazione IMU vorrete consegnarci la documentazione necessaria entro e non oltre il 17\/12 p.v. Chiedere direttamente in ufficio l&#8217;importo delle ns. competenze.<\/u><\/strong><\/p>\n","protected":false},"excerpt":{"rendered":"<p>La presente per comunicare ai ns. associati gestiti contabilmente che, con il decreto Crescita (D.L. n. 34\/2019), la dichiarazione Imu viene posticipata dal 30\/06 al 31\/12 e deve essere presentata nell\u2019anno successivo a quello in cui si sono verificati i fatti\u00a0che incidono sul pagamento o sul diritto ad utilizzare determinate agevolazioni. A essere tenuti alla [&hellip;]<\/p>\n","protected":false},"author":2,"featured_media":3870,"comment_status":"closed","ping_status":"closed","sticky":false,"template":"","format":"standard","meta":{"_monsterinsights_skip_tracking":false,"_monsterinsights_sitenote_active":false,"_monsterinsights_sitenote_note":"","_monsterinsights_sitenote_category":0,"ngg_post_thumbnail":0},"categories":[217],"tags":[],"_links":{"self":[{"href":"https:\/\/www.taxitam.it\/index.php\/wp-json\/wp\/v2\/posts\/5478"}],"collection":[{"href":"https:\/\/www.taxitam.it\/index.php\/wp-json\/wp\/v2\/posts"}],"about":[{"href":"https:\/\/www.taxitam.it\/index.php\/wp-json\/wp\/v2\/types\/post"}],"author":[{"embeddable":true,"href":"https:\/\/www.taxitam.it\/index.php\/wp-json\/wp\/v2\/users\/2"}],"replies":[{"embeddable":true,"href":"https:\/\/www.taxitam.it\/index.php\/wp-json\/wp\/v2\/comments?post=5478"}],"version-history":[{"count":1,"href":"https:\/\/www.taxitam.it\/index.php\/wp-json\/wp\/v2\/posts\/5478\/revisions"}],"predecessor-version":[{"id":5479,"href":"https:\/\/www.taxitam.it\/index.php\/wp-json\/wp\/v2\/posts\/5478\/revisions\/5479"}],"wp:featuredmedia":[{"embeddable":true,"href":"https:\/\/www.taxitam.it\/index.php\/wp-json\/wp\/v2\/media\/3870"}],"wp:attachment":[{"href":"https:\/\/www.taxitam.it\/index.php\/wp-json\/wp\/v2\/media?parent=5478"}],"wp:term":[{"taxonomy":"category","embeddable":true,"href":"https:\/\/www.taxitam.it\/index.php\/wp-json\/wp\/v2\/categories?post=5478"},{"taxonomy":"post_tag","embeddable":true,"href":"https:\/\/www.taxitam.it\/index.php\/wp-json\/wp\/v2\/tags?post=5478"}],"curies":[{"name":"wp","href":"https:\/\/api.w.org\/{rel}","templated":true}]}}