{"id":5039,"date":"2018-09-28T11:26:58","date_gmt":"2018-09-28T09:26:58","guid":{"rendered":"https:\/\/www.taxitam.it\/?p=5039"},"modified":"2018-09-28T11:27:54","modified_gmt":"2018-09-28T09:27:54","slug":"azienda-agricola-de-carolis-cascia","status":"publish","type":"post","link":"https:\/\/www.taxitam.it\/index.php\/2018\/09\/28\/azienda-agricola-de-carolis-cascia\/","title":{"rendered":"Azienda Agricola De Carolis"},"content":{"rendered":"<p style=\"text-align: justify;\">Riceviamo anche quest&#8217;anno la richiesta di aiuto da parte della signora Silvana Crespi dell&#8217;Azienda Agricola De Carolis Adelino di Cascia-PG.<\/p>\n<p style=\"text-align: justify;\">Come ricorderete lo scorso anno abbiamo promosso l&#8217;iniziativa della vendita dei pacchi natalizi contenenti lenticchie, roveja, zafferano e salumi.<\/p>\n<p style=\"text-align: justify;\">Vi ricordiamo che potete rivolgerVi direttamente a Silvana sulla mail:\u00a0silvanacrespi@alice.it per ordinare i loro prodotti.<\/p>\n<p style=\"text-align: justify;\"><a href=\"http:\/\/www.roveja.it\/\">sito azienda agricola de carolis<\/a><\/p>\n<p style=\"text-align: justify;\">Pubblichiamo la lettera che ci hanno mandato l&#8217;anno scorso. Purtroppo la situazione, dopo un anno, non \u00e8 cambiata&#8230;<\/p>\n<p style=\"text-align: justify;\"><em>&#8220;L&#8217;azienda agricola De Carolis Adelino dal \u00a01990 conduce l\u2019attivit\u00e0 agricola che precedentemente era del padre Armando, e ancora prima del nonno.<\/em><\/p>\n<p style=\"text-align: justify;\"><em>L\u2019azienda \u00e8 a conduzione familiare, Adelino e Silvana e nostro figlio Marco con Sara e i loro figli Emma (5 anni) ed Edoardo (2 anni),<\/em><\/p>\n<p style=\"text-align: justify;\"><em>Abitiamo a Civita 1200 m slm , nel comune di Cascia, provincia di Perugia, Umbria.\u00a0\u00a0\u00a0\u00a0\u00a0\u00a0\u00a0\u00a0\u00a0\u00a0\u00a0\u00a0\u00a0\u00a0\u00a0\u00a0\u00a0\u00a0\u00a0\u00a0\u00a0\u00a0\u00a0\u00a0\u00a0\u00a0\u00a0\u00a0\u00a0<\/em><\/p>\n<p style=\"text-align: justify;\"><em>Da sempre residenti in questo piccolo paesino, ricostruito nel \u201990 dopo il terremoto del \u201979, che rimane fuori da tutti i circuiti turistici, per arrivarci bisogna superare la cattolica Cascia e la commerciale Norcia,\u2026\u2026oltre bisogna andare oltre\u2026\u2026 per trovare la Civita, che non ha mai superato i 50\/60 abitanti, senza scuole o negozi o attrattive o turismo, ma con tanti giovani che continuano a formare nuove famiglie.<\/em><\/p>\n<p style=\"text-align: justify;\"><em>Le nostre colture sono tradizionali lenticchia, roveja , ceci e cicerchia, zafferano.<\/em><\/p>\n<p style=\"text-align: justify;\"><em>Con il terremoto del 24\/08\/2016 \u00e8 iniziato un incubo senza fine, la sicurezza era fuori dalle nostre mura, le case sono diventate le nostre nemiche. Giorno dopo giorno, scosse dopo scosse, eravamo tutti come i personaggi dei film di Dario Argento, tutti in attesa dell\u2019assassino prima o poi sarebbe arrivato\u2026.. E\u2019 arrivato\u2026.. il 30 ottobre\u2026\u2026<\/em><\/p>\n<p style=\"text-align: justify;\"><em>L\u2019apocalisse ,\u2026 non s\u00f2 descriverla\u2026., avete mai visto i film catastrofici americani dove si ride per l\u2019esagerazione delle scene?\u00a0 Era cos\u00ec\u2026. senza risate .<\/em><\/p>\n<p style=\"text-align: justify;\"><em>La nostra casa, se pur con tante crepe ha retto, la stalla degli asinelli no!<\/em><\/p>\n<p style=\"text-align: justify;\"><em>Abbiamo iniziato l\u2019inverno costruendo una casetta di legno di 30 mq per la sicurezza dei nostri nipoti e nostra , per noi \u00e8 la medicina contro la paura.<\/em><\/p>\n<p style=\"text-align: justify;\"><em>Abbiamo montato un tunnel per gli asinelli ma.. ..il 18 gennaio 2017 non era ancora pronto , c\u2019erano 3 \/5 metri di neve e \u201316 di temperatura, alla prima scossa punto 5 da Campotosto \u00e8 partita una slavina dai nostri monti , isolando il paese per pi\u00f9 giorni.\u00a0 Alcuni asinelli sono morti di freddo.<\/em><\/p>\n<p style=\"text-align: justify;\"><em>Siamo arrivati alla primavera non so come\u2026. tra terremoti e siccit\u00e0 e debiti.<\/em><\/p>\n<p style=\"text-align: justify;\"><em>Speravamo nel periodo\u00a0 estivo per vendere i nostri prodotti ai turisti,\u2026\u2026non ci sono stati turisti !<\/em><\/p>\n<p style=\"text-align: justify;\"><em>La siccit\u00e0 ci ha perseguitato, come in tutta Italia.<\/em><\/p>\n<p style=\"text-align: justify;\"><em>Siamo arrivati a fine agosto e da Cittareale, paese a 15 minuti da noi \u00e8 partito un incendio violentissimo, come storia d\u2019uomo non ricorda. Sono bruciati 1500 ettari di pascolo\/bosco, i nostri ragazzi\u00a0 tutti di Civita per due giorni hanno fatto terra battuta dal confine di Cittareale alla Civita, km di pascolo e bosco. L\u2019incendio \u00e8 stato domato, i danni per fortuna contenuti.<\/em><\/p>\n<p style=\"text-align: justify;\"><em>Il terremoto, piccole scosse di breve durata sono sempre proseguite e seguitano ancora.<\/em><\/p>\n<p style=\"text-align: justify;\"><em>Mi chiedo, innanzitutto se \u00e8 finita, poi se \u00e8 una fatalit\u00e0, poi forse ce lo meritiamo?<\/em><\/p>\n<p style=\"text-align: justify;\"><em>Non lo so, quel che so che la mia famiglia non abbandoner\u00e0 mai questa nostra terra madre cos\u00ec martoriata.&#8221;<\/em><\/p>\n","protected":false},"excerpt":{"rendered":"<p>Riceviamo anche quest&#8217;anno la richiesta di aiuto da parte della signora Silvana Crespi dell&#8217;Azienda Agricola De Carolis Adelino di Cascia-PG. Come ricorderete lo scorso anno abbiamo promosso l&#8217;iniziativa della vendita dei pacchi natalizi contenenti lenticchie, roveja, zafferano e salumi. Vi ricordiamo che potete rivolgerVi direttamente a Silvana sulla mail:\u00a0silvanacrespi@alice.it per ordinare i loro prodotti. sito [&hellip;]<\/p>\n","protected":false},"author":2,"featured_media":5040,"comment_status":"closed","ping_status":"closed","sticky":false,"template":"","format":"standard","meta":{"_monsterinsights_skip_tracking":false,"_monsterinsights_sitenote_active":false,"_monsterinsights_sitenote_note":"","_monsterinsights_sitenote_category":0,"ngg_post_thumbnail":0},"categories":[217],"tags":[],"_links":{"self":[{"href":"https:\/\/www.taxitam.it\/index.php\/wp-json\/wp\/v2\/posts\/5039"}],"collection":[{"href":"https:\/\/www.taxitam.it\/index.php\/wp-json\/wp\/v2\/posts"}],"about":[{"href":"https:\/\/www.taxitam.it\/index.php\/wp-json\/wp\/v2\/types\/post"}],"author":[{"embeddable":true,"href":"https:\/\/www.taxitam.it\/index.php\/wp-json\/wp\/v2\/users\/2"}],"replies":[{"embeddable":true,"href":"https:\/\/www.taxitam.it\/index.php\/wp-json\/wp\/v2\/comments?post=5039"}],"version-history":[{"count":3,"href":"https:\/\/www.taxitam.it\/index.php\/wp-json\/wp\/v2\/posts\/5039\/revisions"}],"predecessor-version":[{"id":5045,"href":"https:\/\/www.taxitam.it\/index.php\/wp-json\/wp\/v2\/posts\/5039\/revisions\/5045"}],"wp:featuredmedia":[{"embeddable":true,"href":"https:\/\/www.taxitam.it\/index.php\/wp-json\/wp\/v2\/media\/5040"}],"wp:attachment":[{"href":"https:\/\/www.taxitam.it\/index.php\/wp-json\/wp\/v2\/media?parent=5039"}],"wp:term":[{"taxonomy":"category","embeddable":true,"href":"https:\/\/www.taxitam.it\/index.php\/wp-json\/wp\/v2\/categories?post=5039"},{"taxonomy":"post_tag","embeddable":true,"href":"https:\/\/www.taxitam.it\/index.php\/wp-json\/wp\/v2\/tags?post=5039"}],"curies":[{"name":"wp","href":"https:\/\/api.w.org\/{rel}","templated":true}]}}