{"id":5013,"date":"2018-09-12T13:05:13","date_gmt":"2018-09-12T11:05:13","guid":{"rendered":"https:\/\/www.taxitam.it\/?p=5013"},"modified":"2020-11-25T10:28:11","modified_gmt":"2020-11-25T09:28:11","slug":"vogue-fashions-night-out","status":"publish","type":"post","link":"https:\/\/www.taxitam.it\/index.php\/2018\/09\/12\/vogue-fashions-night-out\/","title":{"rendered":"Vogue Fashion&#8217;s Night Out"},"content":{"rendered":"<p style=\"text-align: justify;\">Si comunica che gioved\u00ec 13 settembre (dalle 18 alle 24 circa) avr\u00e0 luogo la decima edizione di &#8220;Vogue per Milano&#8221; (un tempo famosa come Vogue Fashion&#8217;s Night Out).<br \/>\nUna celebrazione unica della moda con i riflettori che brillano sulle vetrine della citt\u00e0 per annunciare l&#8217;inaugurazione della settimana della moda di Milano.<\/p>\n<p style=\"text-align: justify;\">La programmazione sar\u00e0 pi\u00f9 ampia che mai, comprese mostre fotografiche, esperienze di talk di moda, proiezioni di film, feste e un massiccio concerto dal vivo.<br \/>\nPi\u00f9 di 600 negozi si prepareranno per l&#8217;occasione con aperture tardive (fino a mezzanotte), dj set, eventi culturali e concerti.<\/p>\n<p style=\"text-align: justify;\">Nell&#8217;ordinanza comunale allegata troverete i particolari delle vie chiuse a traffico (zone pedonali) e delle vie nelle quali i taxi potranno comunque accedere.<\/p>\n<p><a href=\"https:\/\/www.mentelocale.it\/milano\/articoli\/76743-vogue-for-milano-2018-programma-musica-cinema-negozi-aperti.htm\">notizie sull&#8217;evento<\/a><\/p>\n<p><a href=\"https:\/\/www.taxitam.it\/wp-content\/uploads\/2018\/09\/13_Vogue-Fashions-Night-Out-Milano-2018-Ordinanza-chiusura22287.pdf\" rel=\"\">13_Vogue Fashion&#8217;s Night Out Milano 2018 &#8211; Ordinanza chiusura[22287]<\/a><\/p>\n","protected":false},"excerpt":{"rendered":"<p>Si comunica che gioved\u00ec 13 settembre (dalle 18 alle 24 circa) avr\u00e0 luogo la decima edizione di &#8220;Vogue per Milano&#8221; (un tempo famosa come Vogue Fashion&#8217;s Night Out). Una celebrazione unica della moda con i riflettori che brillano sulle vetrine della citt\u00e0 per annunciare l&#8217;inaugurazione della settimana della moda di Milano. La programmazione sar\u00e0 pi\u00f9 [&hellip;]<\/p>\n","protected":false},"author":2,"featured_media":0,"comment_status":"closed","ping_status":"closed","sticky":false,"template":"","format":"standard","meta":{"_monsterinsights_skip_tracking":false,"_monsterinsights_sitenote_active":false,"_monsterinsights_sitenote_note":"","_monsterinsights_sitenote_category":0,"ngg_post_thumbnail":0},"categories":[219],"tags":[],"_links":{"self":[{"href":"https:\/\/www.taxitam.it\/index.php\/wp-json\/wp\/v2\/posts\/5013"}],"collection":[{"href":"https:\/\/www.taxitam.it\/index.php\/wp-json\/wp\/v2\/posts"}],"about":[{"href":"https:\/\/www.taxitam.it\/index.php\/wp-json\/wp\/v2\/types\/post"}],"author":[{"embeddable":true,"href":"https:\/\/www.taxitam.it\/index.php\/wp-json\/wp\/v2\/users\/2"}],"replies":[{"embeddable":true,"href":"https:\/\/www.taxitam.it\/index.php\/wp-json\/wp\/v2\/comments?post=5013"}],"version-history":[{"count":2,"href":"https:\/\/www.taxitam.it\/index.php\/wp-json\/wp\/v2\/posts\/5013\/revisions"}],"predecessor-version":[{"id":5017,"href":"https:\/\/www.taxitam.it\/index.php\/wp-json\/wp\/v2\/posts\/5013\/revisions\/5017"}],"wp:attachment":[{"href":"https:\/\/www.taxitam.it\/index.php\/wp-json\/wp\/v2\/media?parent=5013"}],"wp:term":[{"taxonomy":"category","embeddable":true,"href":"https:\/\/www.taxitam.it\/index.php\/wp-json\/wp\/v2\/categories?post=5013"},{"taxonomy":"post_tag","embeddable":true,"href":"https:\/\/www.taxitam.it\/index.php\/wp-json\/wp\/v2\/tags?post=5013"}],"curies":[{"name":"wp","href":"https:\/\/api.w.org\/{rel}","templated":true}]}}