{"id":4747,"date":"2018-03-21T10:11:51","date_gmt":"2018-03-21T09:11:51","guid":{"rendered":"https:\/\/www.taxitam.it\/?p=4747"},"modified":"2021-01-19T11:12:03","modified_gmt":"2021-01-19T10:12:03","slug":"pinacoteca-brera-2-5","status":"publish","type":"post","link":"https:\/\/www.taxitam.it\/index.php\/2018\/03\/21\/pinacoteca-brera-2-5\/","title":{"rendered":"Pinacoteca di Brera"},"content":{"rendered":"<table width=\"600\">\n<tbody>\n<tr>\n<td>James M. Bradburne<br \/>\n<em>Direttore Generale Pinacoteca di Brera e Biblioteca Nazionale Braidense <\/em>\u00e8 lieto di invitarLa<\/td>\n<\/tr>\n<tr>\n<td><\/td>\n<\/tr>\n<tr>\n<td>ALL&#8217;ANTEPRIMA RISERVATA AI<br \/>\n<em>TAXISTI MILANESI<\/em><\/td>\n<\/tr>\n<tr>\n<td><\/td>\n<\/tr>\n<tr>\n<td><strong>MARTED\u00cc 27 MARZO 2017 &#8211; ORE 12.00<br \/>\nMERCOLED\u00cc 28 MARZO 2017 &#8211; ORE 16.30<\/strong><\/td>\n<\/tr>\n<tr>\n<td>PINACOTECA DI BRERA, SALA DELLA PASSIONE<br \/>\nvia Brera 28 Milano<\/td>\n<\/tr>\n<tr>\n<td><\/td>\n<\/tr>\n<tr>\n<td>I taxisti milanesi sono i primi ambasciatori della citt\u00e0<br \/>\ne la loro conoscenza dei ritmi cittadini<br \/>\npu\u00f2 aiutare a rendere una visita a Milano indimenticabile.<br \/>\nBrera invita i <em>taxisti<\/em> milanesi ad un\u2019esclusiva anteprima<br \/>\ndel nuovo Dialogo e alla sesta fase di riallestimento<br \/>\ndelle collezioni e delle sale Napoleoniche della Pinacoteca di Brera.<strong>Brera \u00e8 il cuore di Milano<\/strong><strong><br \/>\ne i <em>taxisti<\/em> sono il cuore dell\u2019esperienza di visita a Milano.<\/strong><\/td>\n<\/tr>\n<tr>\n<td><\/td>\n<\/tr>\n<\/tbody>\n<\/table>\n","protected":false},"excerpt":{"rendered":"<p>James M. Bradburne Direttore Generale Pinacoteca di Brera e Biblioteca Nazionale Braidense \u00e8 lieto di invitarLa ALL&#8217;ANTEPRIMA RISERVATA AI TAXISTI MILANESI MARTED\u00cc 27 MARZO 2017 &#8211; ORE 12.00 MERCOLED\u00cc 28 MARZO 2017 &#8211; ORE 16.30 PINACOTECA DI BRERA, SALA DELLA PASSIONE via Brera 28 Milano I taxisti milanesi sono i primi ambasciatori della citt\u00e0 e [&hellip;]<\/p>\n","protected":false},"author":2,"featured_media":0,"comment_status":"closed","ping_status":"closed","sticky":false,"template":"","format":"standard","meta":{"_monsterinsights_skip_tracking":false,"_monsterinsights_sitenote_active":false,"_monsterinsights_sitenote_note":"","_monsterinsights_sitenote_category":0,"ngg_post_thumbnail":0},"categories":[219],"tags":[],"_links":{"self":[{"href":"https:\/\/www.taxitam.it\/index.php\/wp-json\/wp\/v2\/posts\/4747"}],"collection":[{"href":"https:\/\/www.taxitam.it\/index.php\/wp-json\/wp\/v2\/posts"}],"about":[{"href":"https:\/\/www.taxitam.it\/index.php\/wp-json\/wp\/v2\/types\/post"}],"author":[{"embeddable":true,"href":"https:\/\/www.taxitam.it\/index.php\/wp-json\/wp\/v2\/users\/2"}],"replies":[{"embeddable":true,"href":"https:\/\/www.taxitam.it\/index.php\/wp-json\/wp\/v2\/comments?post=4747"}],"version-history":[{"count":2,"href":"https:\/\/www.taxitam.it\/index.php\/wp-json\/wp\/v2\/posts\/4747\/revisions"}],"predecessor-version":[{"id":5648,"href":"https:\/\/www.taxitam.it\/index.php\/wp-json\/wp\/v2\/posts\/4747\/revisions\/5648"}],"wp:attachment":[{"href":"https:\/\/www.taxitam.it\/index.php\/wp-json\/wp\/v2\/media?parent=4747"}],"wp:term":[{"taxonomy":"category","embeddable":true,"href":"https:\/\/www.taxitam.it\/index.php\/wp-json\/wp\/v2\/categories?post=4747"},{"taxonomy":"post_tag","embeddable":true,"href":"https:\/\/www.taxitam.it\/index.php\/wp-json\/wp\/v2\/tags?post=4747"}],"curies":[{"name":"wp","href":"https:\/\/api.w.org\/{rel}","templated":true}]}}