{"id":4585,"date":"2017-12-12T09:42:30","date_gmt":"2017-12-12T08:42:30","guid":{"rendered":"https:\/\/www.taxitam.it\/?p=4585"},"modified":"2017-12-12T09:45:04","modified_gmt":"2017-12-12T08:45:04","slug":"manifestazione-taxi-del-14122017","status":"publish","type":"post","link":"https:\/\/www.taxitam.it\/index.php\/2017\/12\/12\/manifestazione-taxi-del-14122017\/","title":{"rendered":"Manifestazione taxi del 14\/12\/2017"},"content":{"rendered":"<p style=\"text-align: justify;\">COMUNICATO ALLA CATEGORIA<br \/>\n14 DICEMBRE 2017 &#8211; FERMO NAZIONALE DEL SERVIZIO TAXI dalle ore 8,00 alle ore 22,00<br \/>\nManifestazione Sindacale con corteo<br \/>\nSi descrive lo svolgimento della manifestazione preavvisata e del corteo taxi che si svolger\u00e0 con le seguenti modalit\u00e0:<br \/>\n1. i taxisti, a partire dalle ore 10:00, si raduneranno in Piazza Citt\u00e0 di Lombardia nell\u2019area antistante la sede della Regione Lombardia, le autovetture verranno parcheggiate lungo la via Pola, da Piazzale Lagosta fino a via Melchiorre Gioia, ambo i lati, e nel controviale di via M. Gioia, da via Galvani a via Sassetti (direzione L.go De Benedetti), le autovetture dovranno essere parcheggiate su un\u2019unica fila;<br \/>\n2. una delegazione sindacale alle ore 11:00 ha chiesto di essere ricevuta dall\u2019Assessore alle Infrastrutture, Alessandro Sorte;<br \/>\n3. alle ore 12.00 i taxisti si muoveranno per raggiungere la sede del Pirellone lungo il seguente percorso: via Galvani, Piazza Duca D\u2019Aosta, percorrendo l\u2019itinerario in una sola carreggiata;<br \/>\n4. i taxi verranno parcheggiati sulle aree taxi della Stazione Centrale e lungo la via Pirelli da via Melchiorre Gioia a Piazzale Duca D\u2019Aosta, entrambi i lati;<br \/>\n5. alle ore 12:30 una delegazione dei rappresentanti sindacali ha chiesto di incontrare il Presidente della Commissione Territorio e Infrastrutture e i Capi Gruppo consiliari;<br \/>\n6. alle ore 13.30 il corteo dei taxisti si muover\u00e0 da Piazza Duca D\u2019Aosta, via Vittor Pisani, Piazza della Repubblica, Via Turati, Piazza Cavour e via Manzoni per raggiungere la sede di Palazzo Marino, in Piazza della Scala, al corteo \u00e8 prevista la partecipazione di circa 300 operatori e di massimo 50 autovetture TAXI, percorrendo l\u2019itinerario in una sola carreggiata, lato numeri dispari;<br \/>\n7. i 50 TAXI che apriranno il corteo si posizioneranno nel posteggio taxi di via Manzoni fino a via Gastone Pisoni, a proseguire dopo la via Bigli fino a via Verdi, e su via Case Rotte, da Piazza Scala a P.zza Meda su entrambi i lati;<br \/>\n8. alle ore 14,30 una delegazione sindacale ha chiesto di incontrare il Presidente della Commissione Mobilit\u00e0 Trasporti e Politiche Ambientali e i Capi Gruppo consiliari;<br \/>\n9. alle ore 16:00 la manifestazione verr\u00e0 sciolta e gli operatori si allontaneranno spontaneamente con le loro autovetture.<br \/>\nDurante l\u2019intero arco dell\u2019astensione dal servizio, sui posteggi taxi pi\u00f9 significativi della citt\u00e0 &#8211; Stazione Centrale, Stazione Porta Garibaldi, Stazione Rogoredo, Stazione Lambrate, Stazione F\/N Cadorna &#8211; Area Taxi di Piazza Duomo, Piazza San Babila, Piazza della Scala, Piazza Oberdan, Piazza Baracca, Piazza Firenze e Piazzale Medaglie D\u2019Oro e sugli aeroporti di Milano Linate, Milano Malpensa e Bergamo Orio al Serio &#8211; si terranno presidi che garantiranno i trasporti sociali secondo quanto previsto<br \/>\ndalla normativa vigente.<br \/>\nAltres\u00ec, presidi informativi verranno organizzati da parte degli operatori taxisti al fine di sensibilizzare l\u2019utenza sulle motivazioni del fermo del servizio.<br \/>\nColleghi, non basta chattare sui social, scendiamo in Piazza a manifestare.<\/p>\n<p style=\"text-align: justify;\">La politica ci vuole eliminare e noi non possiamo restare in silenzio. Partecipiamo compatti alla manifestazione!<br \/>\nLe Organizzazioni Sindacali di Categoria Taxi<\/p>\n<p>CLAAI\/UNIONE ARTIGIANI &#8211; FEDERTAXI CISAL &#8211; S.A.Ta.M. &#8211; TAM\/ACAI<br \/>\nUGL TAXI UNICA TAXI CGIL LOMBARDIA &#8211; URITAXI LOMBARDIA<\/p>\n<p>Milano, 11 dicembre 2017<\/p>\n<p><a href=\"https:\/\/www.taxitam.it\/wp-content\/uploads\/2017\/12\/Comunicato-Modalit\u00e0-Manifestazione-Autorizzata-dalla-Questura44198.pdf\" rel=\"\">Comunicato Modalit\u00e0 Manifestazione Autorizzata dalla Questura[44198]<\/a><\/p>\n","protected":false},"excerpt":{"rendered":"<p>COMUNICATO ALLA CATEGORIA 14 DICEMBRE 2017 &#8211; FERMO NAZIONALE DEL SERVIZIO TAXI dalle ore 8,00 alle ore 22,00 Manifestazione Sindacale con corteo Si descrive lo svolgimento della manifestazione preavvisata e del corteo taxi che si svolger\u00e0 con le seguenti modalit\u00e0: 1. i taxisti, a partire dalle ore 10:00, si raduneranno in Piazza Citt\u00e0 di Lombardia [&hellip;]<\/p>\n","protected":false},"author":2,"featured_media":3870,"comment_status":"closed","ping_status":"closed","sticky":false,"template":"","format":"standard","meta":{"_monsterinsights_skip_tracking":false,"_monsterinsights_sitenote_active":false,"_monsterinsights_sitenote_note":"","_monsterinsights_sitenote_category":0,"ngg_post_thumbnail":0},"categories":[220],"tags":[],"_links":{"self":[{"href":"https:\/\/www.taxitam.it\/index.php\/wp-json\/wp\/v2\/posts\/4585"}],"collection":[{"href":"https:\/\/www.taxitam.it\/index.php\/wp-json\/wp\/v2\/posts"}],"about":[{"href":"https:\/\/www.taxitam.it\/index.php\/wp-json\/wp\/v2\/types\/post"}],"author":[{"embeddable":true,"href":"https:\/\/www.taxitam.it\/index.php\/wp-json\/wp\/v2\/users\/2"}],"replies":[{"embeddable":true,"href":"https:\/\/www.taxitam.it\/index.php\/wp-json\/wp\/v2\/comments?post=4585"}],"version-history":[{"count":3,"href":"https:\/\/www.taxitam.it\/index.php\/wp-json\/wp\/v2\/posts\/4585\/revisions"}],"predecessor-version":[{"id":4590,"href":"https:\/\/www.taxitam.it\/index.php\/wp-json\/wp\/v2\/posts\/4585\/revisions\/4590"}],"wp:featuredmedia":[{"embeddable":true,"href":"https:\/\/www.taxitam.it\/index.php\/wp-json\/wp\/v2\/media\/3870"}],"wp:attachment":[{"href":"https:\/\/www.taxitam.it\/index.php\/wp-json\/wp\/v2\/media?parent=4585"}],"wp:term":[{"taxonomy":"category","embeddable":true,"href":"https:\/\/www.taxitam.it\/index.php\/wp-json\/wp\/v2\/categories?post=4585"},{"taxonomy":"post_tag","embeddable":true,"href":"https:\/\/www.taxitam.it\/index.php\/wp-json\/wp\/v2\/tags?post=4585"}],"curies":[{"name":"wp","href":"https:\/\/api.w.org\/{rel}","templated":true}]}}