{"id":4459,"date":"2017-10-10T14:43:35","date_gmt":"2017-10-10T12:43:35","guid":{"rendered":"https:\/\/www.taxitam.it\/?p=4459"},"modified":"2017-10-10T14:43:35","modified_gmt":"2017-10-10T12:43:35","slug":"comunicato-allutenza","status":"publish","type":"post","link":"https:\/\/www.taxitam.it\/index.php\/2017\/10\/10\/comunicato-allutenza\/","title":{"rendered":"Comunicato all&#8217;utenza"},"content":{"rendered":"<p style=\"text-align: justify;\"><strong>Comunicato all\u2019utenza<\/strong><\/p>\n<p style=\"text-align: justify;\">Il 23 febbraio u.s., dopo una settimana a dir poco difficile\u00a0a causa dei fermi spontanei del servizio taxi, i rappresentanti delle Associazioni di Categoria, alla presenza del Ministro <strong>Delrio,<\/strong> avevano condiviso un percorso, confermato dal Premier<strong> \u00a0Gentiloni<\/strong>,\u00a0volto all\u2019emissione <u>entro trenta giorni<\/u> del decreto attuativo interministeriale ex L. 22 maggio 2010, n. 73 (Misure contro l\u2019abusivismo e per la regolamentazione del settore taxi e Ncc).<\/p>\n<p style=\"text-align: justify;\">\nAd oggi questo decreto non \u00e8 stato ancora firmato dal Ministro dei Trasporti <strong>Graziano Delrio<\/strong>\u00a0 e dal Ministro dello Sviluppo Economico <strong>Carlo Calenda<\/strong>, nonostante l\u2019articolato ci sia stato presentato alla fine del mese di marzo e riproposto nel mese di luglio, confermandone la sua stesura definitiva il 2 agosto 2017, nel corso dell\u2019ultimo incontro al Ministero dei Trasporti.<\/p>\n<p style=\"text-align: justify;\">Le Associazioni e rappresentanze di categoria, dopo diverse sollecitazioni rimaste inascoltate, prendono atto della mancata volont\u00e0 da parte di questo Governo di dare seguito agli impegni presi e considerano questo ritardo nell\u2019attuazione degli stessi\u00a0una grave mancanza, che deve essere al pi\u00f9 presto\u00a0colmata.<\/p>\n<p style=\"text-align: justify;\">Il servizio Taxi subisce <u>giornalmente<\/u> attacchi da parte di soggetti strutturati e supportati da multinazionali, che invadono il mercato disconoscendo le regole pi\u00f9 elementari del trasporto pubblico non di linea e producendo gravi scompensi nel servizio e verso l\u2019utenza.<\/p>\n<p style=\"text-align: justify;\">Questo Governo che strizza l\u2019occhio alle Multinazionali preferisce evidentemente un servizio taxi senza regole per soddisfare un liberismo di facciata, che per\u00f2 porter\u00e0 allo svilimento del servizio pubblico, oggi gestito e controllato dagli enti locali, in futuro da societ\u00e0 monopoliste, sviluppando un\u2019attivit\u00e0 di caporalato digitale mediante lo sfruttamento di operatori con licenza e abusivi conclamati.<\/p>\n<p style=\"text-align: justify;\">Noi non siamo disposti a farci prevaricare e a prestarci ad un servizio senza regole o peggio con regole valide solo per alcuni,<\/p>\n<p style=\"text-align: justify;\"><strong><u>rivendichiamo regole chiare e uguali per tutti, per un servizio di mobilit\u00e0 pubblico, essenziale per la comunit\u00e0<\/u><\/strong><u>.<\/u><\/p>\n<p style=\"text-align: justify;\">Per le ragioni sopra esposte, le Associazioni di categoria firmatarie del presente, stanche di attendere, annunciano una giornata di mobilitazione per il prossimo<\/p>\n<p style=\"text-align: justify;\"><strong><u>Marted\u00ec 21 NOVEMBRE 2017<\/u><\/strong><\/p>\n<p style=\"text-align: justify;\">La protesta potr\u00e0 essere ripetuta in altre giornate, anche con modi differenti, nel rispetto della legge, fino a quando questo Governo non dar\u00e0 attuazione agli impegni presi con la Categoria.<\/p>\n<p style=\"text-align: justify;\">Ci scusiamo fin da ora per i possibili disagi.<\/p>\n<p style=\"text-align: justify;\">TAM \u2013 Tassisti Artigiani Milanesi<\/p>\n","protected":false},"excerpt":{"rendered":"<p>Comunicato all\u2019utenza Il 23 febbraio u.s., dopo una settimana a dir poco difficile\u00a0a causa dei fermi spontanei del servizio taxi, i rappresentanti delle Associazioni di Categoria, alla presenza del Ministro Delrio, avevano condiviso un percorso, confermato dal Premier \u00a0Gentiloni,\u00a0volto all\u2019emissione entro trenta giorni del decreto attuativo interministeriale ex L. 22 maggio 2010, n. 73 (Misure [&hellip;]<\/p>\n","protected":false},"author":2,"featured_media":3870,"comment_status":"closed","ping_status":"closed","sticky":false,"template":"","format":"standard","meta":{"_monsterinsights_skip_tracking":false,"_monsterinsights_sitenote_active":false,"_monsterinsights_sitenote_note":"","_monsterinsights_sitenote_category":0,"ngg_post_thumbnail":0},"categories":[220],"tags":[],"_links":{"self":[{"href":"https:\/\/www.taxitam.it\/index.php\/wp-json\/wp\/v2\/posts\/4459"}],"collection":[{"href":"https:\/\/www.taxitam.it\/index.php\/wp-json\/wp\/v2\/posts"}],"about":[{"href":"https:\/\/www.taxitam.it\/index.php\/wp-json\/wp\/v2\/types\/post"}],"author":[{"embeddable":true,"href":"https:\/\/www.taxitam.it\/index.php\/wp-json\/wp\/v2\/users\/2"}],"replies":[{"embeddable":true,"href":"https:\/\/www.taxitam.it\/index.php\/wp-json\/wp\/v2\/comments?post=4459"}],"version-history":[{"count":1,"href":"https:\/\/www.taxitam.it\/index.php\/wp-json\/wp\/v2\/posts\/4459\/revisions"}],"predecessor-version":[{"id":4460,"href":"https:\/\/www.taxitam.it\/index.php\/wp-json\/wp\/v2\/posts\/4459\/revisions\/4460"}],"wp:featuredmedia":[{"embeddable":true,"href":"https:\/\/www.taxitam.it\/index.php\/wp-json\/wp\/v2\/media\/3870"}],"wp:attachment":[{"href":"https:\/\/www.taxitam.it\/index.php\/wp-json\/wp\/v2\/media?parent=4459"}],"wp:term":[{"taxonomy":"category","embeddable":true,"href":"https:\/\/www.taxitam.it\/index.php\/wp-json\/wp\/v2\/categories?post=4459"},{"taxonomy":"post_tag","embeddable":true,"href":"https:\/\/www.taxitam.it\/index.php\/wp-json\/wp\/v2\/tags?post=4459"}],"curies":[{"name":"wp","href":"https:\/\/api.w.org\/{rel}","templated":true}]}}