{"id":4015,"date":"2017-05-05T09:05:46","date_gmt":"2017-05-05T07:05:46","guid":{"rendered":"https:\/\/www.taxitam.it\/?p=4015"},"modified":"2017-05-05T09:05:46","modified_gmt":"2017-05-05T07:05:46","slug":"taxi-mobility-update-2017-parte-1","status":"publish","type":"post","link":"https:\/\/www.taxitam.it\/index.php\/2017\/05\/05\/taxi-mobility-update-2017-parte-1\/","title":{"rendered":"Taxi &#038; Mobility Update 2017 &#8211; parte 1"},"content":{"rendered":"<p style=\"text-align: justify;\">Dal 2015 il TAM si \u00e8 \u201caffacciato\u201d alla realt\u00e0 europea e mondiale del settore taxi.<\/p>\n<p style=\"text-align: justify;\">Abbiamo iniziato a partecipare ad eventi internazionali, nel novembre 2015 e poi ancora nel novembre 2017 la Fiera del Taxi di Colonia, con il contorno delle conferenze organizzate da BZP (il sindacato maggior tedesco del settore); abbiamo preso parte alle riunioni semestrali del Taxi Group di IRU (sindacato mondiale che rappresenta il trasporto persone e merci su strada) a Ginevra e Vienna. Con IRU abbiamo anche partecipato ad un lobbying day presso la Commissione Euopea a Bruxelles nel 2016.<\/p>\n<p style=\"text-align: justify;\">Inoltre nel 2015 ad Amsterdam e nel 2016 e 2017 a Bruxelles abbiamo seguito le conferenze di Mobility Intelligence. Col passar del tempo il livello di questi incontri si sta facendo sempre pi\u00f9 interessante, gli interventi dei vari relatori danno uno spaccato realistico della situazione nei vari paesi.<\/p>\n<p style=\"text-align: justify;\">Non avendo un taglio specificatamente politico\/sindacale, si riesce ad avere una visione pi\u00f9 complessiva della situazione, dal punto di vista di persone di spicco che operano in varie nicchie.<\/p>\n<p style=\"text-align: justify;\">L\u2019organizzatore Wim Faber \u00e8 riuscito quest\u2019anno nell\u2019intento di offrire ai presenti un evento di sicuro interesse.<\/p>\n<p style=\"text-align: justify;\">Ha aperto i lavori della prima giornata (gioved\u00ec 4 maggio) Shwetha Surender di Londra ribadendo alcuni concetti chiave che avevamo gi\u00e0 sentito: il mondo della mobilit\u00e0 ha subito un cambiamento epocale con l\u2019avvento delle nuove tecnologie e in particolare degli smartphone. Lo smartphone ci consente di essere sempre connessi. In un mondo globale dove i millennials (la generazione del nuovo millennio ed esattamente tutti coloro nati dopo il 1980, che hanno la caratteristica di essere la prima generazione al mondo ad essere nata nel mondo della comunicazione globale dove tutto \u00e8 connesso e relazionato) saranno a breve la maggioranza della popolazione e <u>tra 10 o 20 anni saranno la classe dirigente<\/u> il concetto di mobilit\u00e0 \u00e8 profondamente cambiato. Se il nostro sogno di diciottenni era acquistare la prima auto, simbolo di libert\u00e0, i millennials non hanno questa necessit\u00e0. Sono passati dal concetto di possesso al concetto di utilizzo del bene.<\/p>\n<p style=\"text-align: justify;\">Se oggi gli iscritti al car-sharing sono 9 milioni, nel 2030 saranno 30 milioni (in Gran Bretagna).<\/p>\n<p style=\"text-align: justify;\">Il futuro \u00e8 un\u2019unica app che consenta di usufruire di tutti i servizi necessari per spostarsi: parcheggio, car-sharing, bike-sharing, noleggio di un\u2019auto, car-pooling, mezzi pubblici urbani ed extraurbani su gomma e rotaia, treni, aerei, ecc. Non stiamo parlando di un futuro ipotetico, stiamo parlando di un\u2019app che esiste gi\u00e0 MaaS-Mobility as a Service, che in alcuni paesi \u00e8 allo studio e in altri \u00e8 gi\u00e0 operativa.<\/p>\n<p style=\"text-align: justify;\">Come ha ben spiegato Sampo Hietanen di Helsinki, ideatore e CEO di MaaS Global, in Finlandia MaaS \u00e8 operativa e funzionante. Uno degli obiettivi \u00e8 la disincentivazione al possesso dell\u2019auto privata. Solo la perfetta sincronizzazione dei vari mezzi di trasporto, la perfetta intermodalit\u00e0 porter\u00e0 alla rinuncia dell\u2019auto di famiglia. Dando per scontato il buon funzionamento dei mezzi pubblici, la mancanza dell\u2019auto viene compensata con la possibilit\u00e0 di noleggiare un\u2019auto per poche ore o per il week end o le ferie. Tutto questo con un abbonamento mensile a punti che consente di utilizzare i servizi necessari.<\/p>\n<p style=\"text-align: justify;\">Ovviamente anche il taxi fa parte di questi servizi di mobilit\u00e0 e deve essere inserito in questi circuiti.<\/p>\n<p style=\"text-align: justify;\">L\u2019app consente di verificare la disponibilit\u00e0 di uno o pi\u00f9 servizi <u>in anticipo, consente di prenotare, di avere la certezza del prezzo e di pagare. <\/u><\/p>\n<p style=\"text-align: justify;\">Dal punto di vista della responsabilit\u00e0 civica e sociale, ormai da anni si parla della congestione del traffico nelle grandi citt\u00e0 (che saranno sempre pi\u00f9 popolate in futuro con conseguente aumento della richiesta di mobilit\u00e0), dalla scadente qualit\u00e0 dell\u2019aria che respiriamo a causa dell\u2019inquinamento (con gli obiettivi di qualit\u00e0 dell\u2019aria richiesti ai paesi membri dalla Comunit\u00e0 Europea), dei costi sociali dovuti alle malattie derivate all\u2019inquinamento, dei problemi di sicurezza e per l\u2019ambiente.<\/p>\n<p style=\"text-align: justify;\">Serge Metz di Parigi, che dichiara che a Parigi il 40% delle chiamate taxi arriva via app. Questo \u00e8 un dato molto interessante sulla probabile tendenza futura (da noi attualmente si aggirano sul 5%).<\/p>\n<p style=\"text-align: justify;\">Kaan Yildizgoz di UITP (con cui abbiamo collaborato come TAM nell\u2019organizzazione e svolgimento della giornata di studio sul settore taxi a Milano nel giugno 2015 in occasione dell\u2019evento mondiale UITP) ha ribadito che il futuro sono i taxi ad emissione zero.<\/p>\n<p style=\"text-align: justify;\"><u>Il trasporto pubblico e il taxi del futuro come sar\u00e0? Elettrico, connesso, condiviso.<\/u><\/p>\n<p style=\"text-align: justify;\">A Pechino ci sono 7000 taxi elettrici, ad Amsterdam in collaborazione con Tesla ci sono in strada numerosi taxi elettrici, a Londra dal 2018 potranno essere immatricolati solo taxi ad emissione zero.<\/p>\n<p style=\"text-align: justify;\">A tal proposito Simon Buggey di <span style=\"text-decoration: underline;\">TfL-Transport for London, dichiara che Londra ha stanziato 65 milioni di sterline per finanziare 9000 taxi a emissioni zero entro il 2020.<\/span><\/p>\n<p style=\"text-align: justify;\"><u>E\u2019 chiaro che le istituzioni si devono impegnare in modo concreto per finanziare in modo significativo l\u2019acquisto di nuovi taxi elettrici.<\/u><\/p>\n<p style=\"text-align: justify;\">Al termine della seconda giornata seguir\u00e0 l\u2019ultima parte della relazione.<\/p>\n<p style=\"text-align: justify;\"><img loading=\"lazy\" class=\"alignnone size-medium wp-image-4017\" src=\"https:\/\/www.taxitam.it\/wp-content\/uploads\/2017\/05\/DSC00828-300x225.jpg\" alt=\"DSC00828\" width=\"300\" height=\"225\" srcset=\"https:\/\/www.taxitam.it\/wp-content\/uploads\/2017\/05\/DSC00828-300x225.jpg 300w, https:\/\/www.taxitam.it\/wp-content\/uploads\/2017\/05\/DSC00828-768x576.jpg 768w, https:\/\/www.taxitam.it\/wp-content\/uploads\/2017\/05\/DSC00828-1024x768.jpg 1024w, https:\/\/www.taxitam.it\/wp-content\/uploads\/2017\/05\/DSC00828-600x450.jpg 600w\" sizes=\"(max-width: 300px) 100vw, 300px\" \/><img loading=\"lazy\" class=\"alignnone size-medium wp-image-4018\" src=\"https:\/\/www.taxitam.it\/wp-content\/uploads\/2017\/05\/DSC00838-300x225.jpg\" alt=\"DSC00838\" width=\"300\" height=\"225\" srcset=\"https:\/\/www.taxitam.it\/wp-content\/uploads\/2017\/05\/DSC00838-300x225.jpg 300w, https:\/\/www.taxitam.it\/wp-content\/uploads\/2017\/05\/DSC00838-768x576.jpg 768w, https:\/\/www.taxitam.it\/wp-content\/uploads\/2017\/05\/DSC00838-1024x768.jpg 1024w, https:\/\/www.taxitam.it\/wp-content\/uploads\/2017\/05\/DSC00838-600x450.jpg 600w\" sizes=\"(max-width: 300px) 100vw, 300px\" \/><img loading=\"lazy\" class=\"alignnone size-medium wp-image-4019\" src=\"https:\/\/www.taxitam.it\/wp-content\/uploads\/2017\/05\/DSC00839-300x225.jpg\" alt=\"DSC00839\" width=\"300\" height=\"225\" srcset=\"https:\/\/www.taxitam.it\/wp-content\/uploads\/2017\/05\/DSC00839-300x225.jpg 300w, https:\/\/www.taxitam.it\/wp-content\/uploads\/2017\/05\/DSC00839-768x576.jpg 768w, https:\/\/www.taxitam.it\/wp-content\/uploads\/2017\/05\/DSC00839-1024x768.jpg 1024w, https:\/\/www.taxitam.it\/wp-content\/uploads\/2017\/05\/DSC00839-600x450.jpg 600w\" sizes=\"(max-width: 300px) 100vw, 300px\" \/><img loading=\"lazy\" class=\"alignnone size-medium wp-image-4020\" src=\"https:\/\/www.taxitam.it\/wp-content\/uploads\/2017\/05\/DSC00843-300x225.jpg\" alt=\"DSC00843\" width=\"300\" height=\"225\" srcset=\"https:\/\/www.taxitam.it\/wp-content\/uploads\/2017\/05\/DSC00843-300x225.jpg 300w, https:\/\/www.taxitam.it\/wp-content\/uploads\/2017\/05\/DSC00843-768x576.jpg 768w, https:\/\/www.taxitam.it\/wp-content\/uploads\/2017\/05\/DSC00843-1024x768.jpg 1024w, https:\/\/www.taxitam.it\/wp-content\/uploads\/2017\/05\/DSC00843-600x450.jpg 600w\" sizes=\"(max-width: 300px) 100vw, 300px\" \/><img loading=\"lazy\" class=\"alignnone size-medium wp-image-4021\" src=\"https:\/\/www.taxitam.it\/wp-content\/uploads\/2017\/05\/DSC00846-300x225.jpg\" alt=\"DSC00846\" width=\"300\" height=\"225\" srcset=\"https:\/\/www.taxitam.it\/wp-content\/uploads\/2017\/05\/DSC00846-300x225.jpg 300w, https:\/\/www.taxitam.it\/wp-content\/uploads\/2017\/05\/DSC00846-768x576.jpg 768w, https:\/\/www.taxitam.it\/wp-content\/uploads\/2017\/05\/DSC00846-1024x768.jpg 1024w, https:\/\/www.taxitam.it\/wp-content\/uploads\/2017\/05\/DSC00846-600x450.jpg 600w\" sizes=\"(max-width: 300px) 100vw, 300px\" \/><img loading=\"lazy\" class=\"alignnone size-medium wp-image-4022\" src=\"https:\/\/www.taxitam.it\/wp-content\/uploads\/2017\/05\/DSC00917-300x225.jpg\" alt=\"DSC00917\" width=\"300\" height=\"225\" srcset=\"https:\/\/www.taxitam.it\/wp-content\/uploads\/2017\/05\/DSC00917-300x225.jpg 300w, https:\/\/www.taxitam.it\/wp-content\/uploads\/2017\/05\/DSC00917-768x576.jpg 768w, https:\/\/www.taxitam.it\/wp-content\/uploads\/2017\/05\/DSC00917-1024x768.jpg 1024w, https:\/\/www.taxitam.it\/wp-content\/uploads\/2017\/05\/DSC00917-600x450.jpg 600w\" sizes=\"(max-width: 300px) 100vw, 300px\" \/><\/p>\n<p style=\"text-align: justify;\">\n<p style=\"text-align: justify;\">\n","protected":false},"excerpt":{"rendered":"<p>Dal 2015 il TAM si \u00e8 \u201caffacciato\u201d alla realt\u00e0 europea e mondiale del settore taxi. Abbiamo iniziato a partecipare ad eventi internazionali, nel novembre 2015 e poi ancora nel novembre 2017 la Fiera del Taxi di Colonia, con il contorno delle conferenze organizzate da BZP (il sindacato maggior tedesco del settore); abbiamo preso parte alle [&hellip;]<\/p>\n","protected":false},"author":2,"featured_media":4016,"comment_status":"closed","ping_status":"closed","sticky":false,"template":"","format":"standard","meta":{"_monsterinsights_skip_tracking":false,"_monsterinsights_sitenote_active":false,"_monsterinsights_sitenote_note":"","_monsterinsights_sitenote_category":0,"ngg_post_thumbnail":0},"categories":[219],"tags":[],"_links":{"self":[{"href":"https:\/\/www.taxitam.it\/index.php\/wp-json\/wp\/v2\/posts\/4015"}],"collection":[{"href":"https:\/\/www.taxitam.it\/index.php\/wp-json\/wp\/v2\/posts"}],"about":[{"href":"https:\/\/www.taxitam.it\/index.php\/wp-json\/wp\/v2\/types\/post"}],"author":[{"embeddable":true,"href":"https:\/\/www.taxitam.it\/index.php\/wp-json\/wp\/v2\/users\/2"}],"replies":[{"embeddable":true,"href":"https:\/\/www.taxitam.it\/index.php\/wp-json\/wp\/v2\/comments?post=4015"}],"version-history":[{"count":1,"href":"https:\/\/www.taxitam.it\/index.php\/wp-json\/wp\/v2\/posts\/4015\/revisions"}],"predecessor-version":[{"id":4023,"href":"https:\/\/www.taxitam.it\/index.php\/wp-json\/wp\/v2\/posts\/4015\/revisions\/4023"}],"wp:featuredmedia":[{"embeddable":true,"href":"https:\/\/www.taxitam.it\/index.php\/wp-json\/wp\/v2\/media\/4016"}],"wp:attachment":[{"href":"https:\/\/www.taxitam.it\/index.php\/wp-json\/wp\/v2\/media?parent=4015"}],"wp:term":[{"taxonomy":"category","embeddable":true,"href":"https:\/\/www.taxitam.it\/index.php\/wp-json\/wp\/v2\/categories?post=4015"},{"taxonomy":"post_tag","embeddable":true,"href":"https:\/\/www.taxitam.it\/index.php\/wp-json\/wp\/v2\/tags?post=4015"}],"curies":[{"name":"wp","href":"https:\/\/api.w.org\/{rel}","templated":true}]}}