{"id":3829,"date":"2017-03-07T09:44:11","date_gmt":"2017-03-07T08:44:11","guid":{"rendered":"https:\/\/www.taxitam.it\/?p=3829"},"modified":"2017-03-07T09:44:11","modified_gmt":"2017-03-07T08:44:11","slug":"sciopero-trasporti-8-marzo-2017","status":"publish","type":"post","link":"https:\/\/www.taxitam.it\/index.php\/2017\/03\/07\/sciopero-trasporti-8-marzo-2017\/","title":{"rendered":"Sciopero trasporti 8 marzo 2017"},"content":{"rendered":"<div><strong>ATM<\/strong> comunica che per mercoled\u00ec 8 marzo 2017 l\u2019organizzazione sindacale USB ha proclamato uno sciopero Generale Nazionale di 24 ore con modalit\u00e0 che variano da citt\u00e0 a citt\u00e0.<\/div>\n<div>A Milano l\u2019agitazione \u00e8 prevista dalle 8,45 alle 15,00 e dalle 18,00 al termine del servizio.<\/div>\n<div>\n<p><strong>TRENORD<\/strong> comunica che per mercoled\u00ec 8 marzo 2017, le OO.SS. CUB Trasporti, SGB Sindacato Generale di Base e\u00a0USB &#8211; Lavoro Privato [dalle 9.01 alle 17.00]\u00a0hanno proclamato uno sciopero da mezzanotte\u00a0alle ore 21.00. Pertanto il servizio Regionale, Suburbano, Aeroportuale, cos\u00ec come la lunga percorrenza di Trenord, potrebbero subire ritardi, variazioni e\/o cancellazioni.\u00a0Rispettate le fasce orarie di garanzia [6.00 &#8211; 9.00 \/ 18.00 &#8211; 21.00].<\/p>\n<\/div>\n<div><strong>GRUPPO FS\/TRENITALIA<\/strong> comunica che dalle ore 00.00 alle ore 21.00 di mercoled\u00ec 8 marzo 2017 \u00e8 stato indetto uno sciopero nazionale del personale del Gruppo Ferrovie dello Stato Italiane.<\/div>\n<div><i>Le Frecce circoleranno regolarmente.\u00a0<\/i><\/div>\n<div>I treni regionali potranno subire ritardi, cancellazioni o variazioni. \u00a0Per i treni a lunga percorrenza sono previste modifiche al programma di circolazione.<\/div>\n<div><\/div>\n","protected":false},"excerpt":{"rendered":"<p>ATM comunica che per mercoled\u00ec 8 marzo 2017 l\u2019organizzazione sindacale USB ha proclamato uno sciopero Generale Nazionale di 24 ore con modalit\u00e0 che variano da citt\u00e0 a citt\u00e0. A Milano l\u2019agitazione \u00e8 prevista dalle 8,45 alle 15,00 e dalle 18,00 al termine del servizio. TRENORD comunica che per mercoled\u00ec 8 marzo 2017, le OO.SS. CUB [&hellip;]<\/p>\n","protected":false},"author":2,"featured_media":3833,"comment_status":"closed","ping_status":"closed","sticky":false,"template":"","format":"standard","meta":{"_monsterinsights_skip_tracking":false,"_monsterinsights_sitenote_active":false,"_monsterinsights_sitenote_note":"","_monsterinsights_sitenote_category":0,"ngg_post_thumbnail":0},"categories":[219],"tags":[],"_links":{"self":[{"href":"https:\/\/www.taxitam.it\/index.php\/wp-json\/wp\/v2\/posts\/3829"}],"collection":[{"href":"https:\/\/www.taxitam.it\/index.php\/wp-json\/wp\/v2\/posts"}],"about":[{"href":"https:\/\/www.taxitam.it\/index.php\/wp-json\/wp\/v2\/types\/post"}],"author":[{"embeddable":true,"href":"https:\/\/www.taxitam.it\/index.php\/wp-json\/wp\/v2\/users\/2"}],"replies":[{"embeddable":true,"href":"https:\/\/www.taxitam.it\/index.php\/wp-json\/wp\/v2\/comments?post=3829"}],"version-history":[{"count":4,"href":"https:\/\/www.taxitam.it\/index.php\/wp-json\/wp\/v2\/posts\/3829\/revisions"}],"predecessor-version":[{"id":3834,"href":"https:\/\/www.taxitam.it\/index.php\/wp-json\/wp\/v2\/posts\/3829\/revisions\/3834"}],"wp:featuredmedia":[{"embeddable":true,"href":"https:\/\/www.taxitam.it\/index.php\/wp-json\/wp\/v2\/media\/3833"}],"wp:attachment":[{"href":"https:\/\/www.taxitam.it\/index.php\/wp-json\/wp\/v2\/media?parent=3829"}],"wp:term":[{"taxonomy":"category","embeddable":true,"href":"https:\/\/www.taxitam.it\/index.php\/wp-json\/wp\/v2\/categories?post=3829"},{"taxonomy":"post_tag","embeddable":true,"href":"https:\/\/www.taxitam.it\/index.php\/wp-json\/wp\/v2\/tags?post=3829"}],"curies":[{"name":"wp","href":"https:\/\/api.w.org\/{rel}","templated":true}]}}