{"id":3756,"date":"2017-01-25T11:41:25","date_gmt":"2017-01-25T10:41:25","guid":{"rendered":"https:\/\/www.taxitam.it\/?p=3756"},"modified":"2021-01-19T10:23:20","modified_gmt":"2021-01-19T09:23:20","slug":"giornata-della-memoria","status":"publish","type":"post","link":"https:\/\/www.taxitam.it\/index.php\/2017\/01\/25\/giornata-della-memoria\/","title":{"rendered":"Giornata della memoria"},"content":{"rendered":"<p>Venerd\u00ec 27 gennaio si celebra la Giornata della Memoria dell&#8217;olocausto. Molte le iniziative in citt\u00e0.<\/p>\n<p>Il calendario degli eventi \u00e8 disponibile sui siti:<\/p>\n<p><a href=\"http:\/\/milano.mentelocale.it\/71779-milano-giornata-memoria-2017-milano-programma\/\">http:\/\/milano.mentelocale.it\/71779-milano-giornata-memoria-2017-milano-programma\/<\/a><\/p>\n<p><a href=\"http:\/\/www.ilgiorno.it\/milano\/cronaca\/giornata-memoria-1.2841089\">http:\/\/www.ilgiorno.it\/milano\/cronaca\/giornata-memoria-1.2841089<\/a><\/p>\n","protected":false},"excerpt":{"rendered":"<p>Venerd\u00ec 27 gennaio si celebra la Giornata della Memoria dell&#8217;olocausto. Molte le iniziative in citt\u00e0. Il calendario degli eventi \u00e8 disponibile sui siti: http:\/\/milano.mentelocale.it\/71779-milano-giornata-memoria-2017-milano-programma\/ http:\/\/www.ilgiorno.it\/milano\/cronaca\/giornata-memoria-1.2841089<\/p>\n","protected":false},"author":2,"featured_media":0,"comment_status":"closed","ping_status":"closed","sticky":false,"template":"","format":"standard","meta":{"_monsterinsights_skip_tracking":false,"_monsterinsights_sitenote_active":false,"_monsterinsights_sitenote_note":"","_monsterinsights_sitenote_category":0,"ngg_post_thumbnail":0},"categories":[219],"tags":[],"_links":{"self":[{"href":"https:\/\/www.taxitam.it\/index.php\/wp-json\/wp\/v2\/posts\/3756"}],"collection":[{"href":"https:\/\/www.taxitam.it\/index.php\/wp-json\/wp\/v2\/posts"}],"about":[{"href":"https:\/\/www.taxitam.it\/index.php\/wp-json\/wp\/v2\/types\/post"}],"author":[{"embeddable":true,"href":"https:\/\/www.taxitam.it\/index.php\/wp-json\/wp\/v2\/users\/2"}],"replies":[{"embeddable":true,"href":"https:\/\/www.taxitam.it\/index.php\/wp-json\/wp\/v2\/comments?post=3756"}],"version-history":[{"count":1,"href":"https:\/\/www.taxitam.it\/index.php\/wp-json\/wp\/v2\/posts\/3756\/revisions"}],"predecessor-version":[{"id":3758,"href":"https:\/\/www.taxitam.it\/index.php\/wp-json\/wp\/v2\/posts\/3756\/revisions\/3758"}],"wp:attachment":[{"href":"https:\/\/www.taxitam.it\/index.php\/wp-json\/wp\/v2\/media?parent=3756"}],"wp:term":[{"taxonomy":"category","embeddable":true,"href":"https:\/\/www.taxitam.it\/index.php\/wp-json\/wp\/v2\/categories?post=3756"},{"taxonomy":"post_tag","embeddable":true,"href":"https:\/\/www.taxitam.it\/index.php\/wp-json\/wp\/v2\/tags?post=3756"}],"curies":[{"name":"wp","href":"https:\/\/api.w.org\/{rel}","templated":true}]}}