{"id":3657,"date":"2016-12-06T09:48:07","date_gmt":"2016-12-06T08:48:07","guid":{"rendered":"https:\/\/www.taxitam.it\/?p=3657"},"modified":"2016-12-06T09:50:53","modified_gmt":"2016-12-06T08:50:53","slug":"traffico-viabilita-giorno","status":"publish","type":"post","link":"https:\/\/www.taxitam.it\/index.php\/2016\/12\/06\/traffico-viabilita-giorno\/","title":{"rendered":"Traffico e viabilit\u00e0"},"content":{"rendered":"<p>Venerd\u00ec 2 dicembre Il Giorno ha pubblicato un articolo sulla tavola rotonda in merito alla viabilit\u00e0, il traffico e la sicurezza a Milano, alla quale ha preso parte anche il nostro presidente Claudio Severgnini.<\/p>\n<p>Sono stati discussi argomenti attuali inerenti la mobilit\u00e0 in citt\u00e0, secondo i punti di vista dei principali stakeholders.<\/p>\n<p><a href=\"http:\/\/www.ilgiorno.it\/milano\/cronaca\/mobilita-comuni-1.2721860\">http:\/\/www.ilgiorno.it\/milano\/cronaca\/mobilita-comuni-1.2721860<\/a><\/p>\n<p><img loading=\"lazy\" class=\"alignnone size-medium wp-image-3658\" src=\"https:\/\/www.taxitam.it\/wp-content\/uploads\/2016\/12\/IMG_3530-169x300.jpg\" alt=\"img_3530\" width=\"169\" height=\"300\" srcset=\"https:\/\/www.taxitam.it\/wp-content\/uploads\/2016\/12\/IMG_3530-169x300.jpg 169w, https:\/\/www.taxitam.it\/wp-content\/uploads\/2016\/12\/IMG_3530-768x1366.jpg 768w, https:\/\/www.taxitam.it\/wp-content\/uploads\/2016\/12\/IMG_3530-576x1024.jpg 576w, https:\/\/www.taxitam.it\/wp-content\/uploads\/2016\/12\/IMG_3530-600x1067.jpg 600w, https:\/\/www.taxitam.it\/wp-content\/uploads\/2016\/12\/IMG_3530.jpg 899w\" sizes=\"(max-width: 169px) 100vw, 169px\" \/><img loading=\"lazy\" class=\"alignnone size-medium wp-image-3660\" src=\"https:\/\/www.taxitam.it\/wp-content\/uploads\/2016\/12\/IMG_3529-1-169x300.jpg\" alt=\"img_3529\" width=\"169\" height=\"300\" srcset=\"https:\/\/www.taxitam.it\/wp-content\/uploads\/2016\/12\/IMG_3529-1-169x300.jpg 169w, https:\/\/www.taxitam.it\/wp-content\/uploads\/2016\/12\/IMG_3529-1-768x1366.jpg 768w, https:\/\/www.taxitam.it\/wp-content\/uploads\/2016\/12\/IMG_3529-1-576x1024.jpg 576w, https:\/\/www.taxitam.it\/wp-content\/uploads\/2016\/12\/IMG_3529-1-600x1067.jpg 600w, https:\/\/www.taxitam.it\/wp-content\/uploads\/2016\/12\/IMG_3529-1.jpg 899w\" sizes=\"(max-width: 169px) 100vw, 169px\" \/><\/p>\n","protected":false},"excerpt":{"rendered":"<p>Venerd\u00ec 2 dicembre Il Giorno ha pubblicato un articolo sulla tavola rotonda in merito alla viabilit\u00e0, il traffico e la sicurezza a Milano, alla quale ha preso parte anche il nostro presidente Claudio Severgnini. Sono stati discussi argomenti attuali inerenti la mobilit\u00e0 in citt\u00e0, secondo i punti di vista dei principali stakeholders. http:\/\/www.ilgiorno.it\/milano\/cronaca\/mobilita-comuni-1.2721860<\/p>\n","protected":false},"author":2,"featured_media":3661,"comment_status":"closed","ping_status":"closed","sticky":false,"template":"","format":"standard","meta":{"_monsterinsights_skip_tracking":false,"_monsterinsights_sitenote_active":false,"_monsterinsights_sitenote_note":"","_monsterinsights_sitenote_category":0,"ngg_post_thumbnail":0},"categories":[217],"tags":[],"_links":{"self":[{"href":"https:\/\/www.taxitam.it\/index.php\/wp-json\/wp\/v2\/posts\/3657"}],"collection":[{"href":"https:\/\/www.taxitam.it\/index.php\/wp-json\/wp\/v2\/posts"}],"about":[{"href":"https:\/\/www.taxitam.it\/index.php\/wp-json\/wp\/v2\/types\/post"}],"author":[{"embeddable":true,"href":"https:\/\/www.taxitam.it\/index.php\/wp-json\/wp\/v2\/users\/2"}],"replies":[{"embeddable":true,"href":"https:\/\/www.taxitam.it\/index.php\/wp-json\/wp\/v2\/comments?post=3657"}],"version-history":[{"count":4,"href":"https:\/\/www.taxitam.it\/index.php\/wp-json\/wp\/v2\/posts\/3657\/revisions"}],"predecessor-version":[{"id":3665,"href":"https:\/\/www.taxitam.it\/index.php\/wp-json\/wp\/v2\/posts\/3657\/revisions\/3665"}],"wp:featuredmedia":[{"embeddable":true,"href":"https:\/\/www.taxitam.it\/index.php\/wp-json\/wp\/v2\/media\/3661"}],"wp:attachment":[{"href":"https:\/\/www.taxitam.it\/index.php\/wp-json\/wp\/v2\/media?parent=3657"}],"wp:term":[{"taxonomy":"category","embeddable":true,"href":"https:\/\/www.taxitam.it\/index.php\/wp-json\/wp\/v2\/categories?post=3657"},{"taxonomy":"post_tag","embeddable":true,"href":"https:\/\/www.taxitam.it\/index.php\/wp-json\/wp\/v2\/tags?post=3657"}],"curies":[{"name":"wp","href":"https:\/\/api.w.org\/{rel}","templated":true}]}}