{"id":3584,"date":"2016-11-09T13:54:39","date_gmt":"2016-11-09T12:54:39","guid":{"rendered":"https:\/\/www.taxitam.it\/?p=3584"},"modified":"2016-11-09T13:54:39","modified_gmt":"2016-11-09T12:54:39","slug":"strategia-mercedes-benz","status":"publish","type":"post","link":"https:\/\/www.taxitam.it\/index.php\/2016\/11\/09\/strategia-mercedes-benz\/","title":{"rendered":"Strategia Mercedes Benz"},"content":{"rendered":"<p>La Mercedes Benz\/Daimler ha presentato la sua nuova strategia aziendale denominata CASE.<\/p>\n<p>Quattro i pilastri per un&#8217;offerta completa di mobilit\u00e0: &#8220;C&#8221; Connected (connettivit\u00e0), &#8220;A&#8221; Autonomous (guida autonoma), &#8220;S&#8221; Shared (uso flessibile\/condiviso), &#8220;E&#8221; Electrics (alimentazione elettrica).<\/p>\n<p>La connettivit\u00e0 prevede che il cliente abbia accesso al marchio digitale Mercedes tramite app, il sito web o direttamente dall&#8217;auto con servizi completi e personalizzati. Si potr\u00e0, per esempio, cercare un parcheggio libero oppure fissare un appuntamento per la manutenzione del veicolo.<\/p>\n<p>La guida autonoma \u00e8 uno dei progetti ambizioni di Mercedes, sul quale sta lavorando da diverso tempo. Per ora sulla nuova Classe E \u00e8 disponibile il sistema Drive che assiste il conducente in varie fasi della guida, come nel cambio di corsia per il sorpasso.<\/p>\n<p>Mercedes \u00e8 presente nel settore del car-sharing dal 2007 con Car2go ed \u00e8 in costante sviluppo con nuovi progetti.<\/p>\n<div class=\"section article_paragraph\">\n<p>La <span style=\"text-decoration: underline;\"><a href=\"http:\/\/www.quattroruote.it\/news\/concept\/2016\/09\/29\/mercedes_la_generation_eq_concept_traccia_la_via_elettrica.html\" target=\"_blank\">prima Suv elettrica della Mercedes-Benz<\/a>,<\/span> commercializzata sotto il nuovo brand EQ, sar\u00e0 prodotta nello stabilimento tedesco di Brema. L&#8217;esemplare di serie, atteso sul mercato entro il 2020, sar\u00e0 una Suv dalle linee coup\u00e9 derivata dalla Mercedes-Benz EQ Concept, presentata al Salone di Parigi. Dotata di un powertrain modulare da 500 km di autonomia, la vettura \u00e8 una sorta di palco tecnologico per la strategia di Stoccarda. Il CEO Zetsche dichiara: &#8220;Le auto a emissioni zero sono il futuro e la fabbrica di Brema garantir\u00e0 una produzione veloce e flessibile&#8221;. La fabbrica di Brema, &#8220;casa&#8221; di dieci modelli Mercedes-Benz, produrr\u00e0 anche la GLC F-CELL, la fuel cell ibrida plug-in prevista per l&#8217;anno prossimo.<\/p>\n<p>Nel 2025 Mercedes-Benz avr\u00e0 pi\u00f9 di dieci veicoli esclusivamente elettrici a catalogo.<\/p>\n<p>Questa \u00e8 l&#8217;ennesima conferma della tendenza che sta prendendo il mercato dell&#8217;auto (e di conseguenza dei taxi).<\/p>\n<p><a href=\"https:\/\/www.daimler.com\/innovation\/specials\/elektromobilitaet\/case.html\">https:\/\/www.daimler.com\/innovation\/specials\/elektromobilitaet\/case.html<\/a><\/p>\n<\/div>\n","protected":false},"excerpt":{"rendered":"<p>La Mercedes Benz\/Daimler ha presentato la sua nuova strategia aziendale denominata CASE. Quattro i pilastri per un&#8217;offerta completa di mobilit\u00e0: &#8220;C&#8221; Connected (connettivit\u00e0), &#8220;A&#8221; Autonomous (guida autonoma), &#8220;S&#8221; Shared (uso flessibile\/condiviso), &#8220;E&#8221; Electrics (alimentazione elettrica). La connettivit\u00e0 prevede che il cliente abbia accesso al marchio digitale Mercedes tramite app, il sito web o direttamente dall&#8217;auto [&hellip;]<\/p>\n","protected":false},"author":2,"featured_media":3585,"comment_status":"closed","ping_status":"closed","sticky":false,"template":"","format":"standard","meta":{"_monsterinsights_skip_tracking":false,"_monsterinsights_sitenote_active":false,"_monsterinsights_sitenote_note":"","_monsterinsights_sitenote_category":0,"ngg_post_thumbnail":0},"categories":[219],"tags":[],"_links":{"self":[{"href":"https:\/\/www.taxitam.it\/index.php\/wp-json\/wp\/v2\/posts\/3584"}],"collection":[{"href":"https:\/\/www.taxitam.it\/index.php\/wp-json\/wp\/v2\/posts"}],"about":[{"href":"https:\/\/www.taxitam.it\/index.php\/wp-json\/wp\/v2\/types\/post"}],"author":[{"embeddable":true,"href":"https:\/\/www.taxitam.it\/index.php\/wp-json\/wp\/v2\/users\/2"}],"replies":[{"embeddable":true,"href":"https:\/\/www.taxitam.it\/index.php\/wp-json\/wp\/v2\/comments?post=3584"}],"version-history":[{"count":1,"href":"https:\/\/www.taxitam.it\/index.php\/wp-json\/wp\/v2\/posts\/3584\/revisions"}],"predecessor-version":[{"id":3586,"href":"https:\/\/www.taxitam.it\/index.php\/wp-json\/wp\/v2\/posts\/3584\/revisions\/3586"}],"wp:featuredmedia":[{"embeddable":true,"href":"https:\/\/www.taxitam.it\/index.php\/wp-json\/wp\/v2\/media\/3585"}],"wp:attachment":[{"href":"https:\/\/www.taxitam.it\/index.php\/wp-json\/wp\/v2\/media?parent=3584"}],"wp:term":[{"taxonomy":"category","embeddable":true,"href":"https:\/\/www.taxitam.it\/index.php\/wp-json\/wp\/v2\/categories?post=3584"},{"taxonomy":"post_tag","embeddable":true,"href":"https:\/\/www.taxitam.it\/index.php\/wp-json\/wp\/v2\/tags?post=3584"}],"curies":[{"name":"wp","href":"https:\/\/api.w.org\/{rel}","templated":true}]}}